{"id":92,"count":0,"description":"","link":"https:\/\/mdc1060.brussels\/nl\/nieuws\/categorie\/stages\/","name":"Stages","slug":"stages","taxonomy":"category","parent":0,"meta":[],"yoast_head":"<!-- This site is optimized with the Yoast SEO plugin v28.3 - https:\/\/yoast.com\/product\/yoast-seo-wordpress\/ -->\n<title>Stages artistiques \u00e0 Saint-Gilles | Maison des Cultures<\/title>\n<meta name=\"description\" content=\"D\u00e9couvrez les stages artistiques de la Maison des Cultures de Saint-Gilles : danse, th\u00e9\u00e2tre, cr\u00e9ation et activit\u00e9s culturelles pendant les vacances.\" \/>\n<meta name=\"robots\" content=\"index, follow, max-snippet:-1, max-image-preview:large, max-video-preview:-1\" \/>\n<link rel=\"canonical\" href=\"https:\/\/mdc1060.brussels\/nl\/nieuws\/categorie\/stages\/\" \/>\n<meta property=\"og:locale\" content=\"nl_NL\" \/>\n<meta property=\"og:type\" content=\"article\" \/>\n<meta property=\"og:title\" content=\"Stages artistiques \u00e0 Saint-Gilles | Maison des Cultures\" \/>\n<meta property=\"og:description\" content=\"D\u00e9couvrez les stages artistiques de la Maison des Cultures de Saint-Gilles : danse, th\u00e9\u00e2tre, cr\u00e9ation et activit\u00e9s culturelles pendant les vacances.\" \/>\n<meta property=\"og:url\" content=\"https:\/\/mdc1060.brussels\/nl\/nieuws\/categorie\/stages\/\" \/>\n<meta property=\"og:site_name\" content=\"La Maison des Cultures de Saint-Gilles\" \/>\n<meta name=\"twitter:card\" content=\"summary_large_image\" \/>\n<script type=\"application\/ld+json\" class=\"yoast-schema-graph\">{\"@context\":\"https:\\\/\\\/schema.org\",\"@graph\":[{\"@type\":\"CollectionPage\",\"@id\":\"https:\\\/\\\/mdc1060.brussels\\\/nl\\\/nieuws\\\/categorie\\\/stages\\\/\",\"url\":\"https:\\\/\\\/mdc1060.brussels\\\/nl\\\/nieuws\\\/categorie\\\/stages\\\/\",\"name\":\"Stages artistiques \u00e0 Saint-Gilles | Maison des Cultures\",\"isPartOf\":{\"@id\":\"https:\\\/\\\/mdc1060.brussels\\\/nl\\\/#website\"},\"description\":\"D\u00e9couvrez les stages artistiques de la Maison des Cultures de Saint-Gilles : danse, th\u00e9\u00e2tre, cr\u00e9ation et activit\u00e9s culturelles pendant les vacances.\",\"breadcrumb\":{\"@id\":\"https:\\\/\\\/mdc1060.brussels\\\/nl\\\/nieuws\\\/categorie\\\/stages\\\/#breadcrumb\"},\"inLanguage\":\"nl-NL\"},{\"@type\":\"BreadcrumbList\",\"@id\":\"https:\\\/\\\/mdc1060.brussels\\\/nl\\\/nieuws\\\/categorie\\\/stages\\\/#breadcrumb\",\"itemListElement\":[{\"@type\":\"ListItem\",\"position\":1,\"name\":\"Accueil\",\"item\":\"https:\\\/\\\/mdc1060.brussels\\\/nl\\\/\"},{\"@type\":\"ListItem\",\"position\":2,\"name\":\"Stages\"}]},{\"@type\":\"WebSite\",\"@id\":\"https:\\\/\\\/mdc1060.brussels\\\/nl\\\/#website\",\"url\":\"https:\\\/\\\/mdc1060.brussels\\\/nl\\\/\",\"name\":\"La Maison des Cultures de Saint-Gilles\",\"description\":\"Un lieu vivant d\u00e9di\u00e9 \u00e0 l\u2019art, aux rencontres et aux pratiques culturelles.\",\"publisher\":{\"@id\":\"https:\\\/\\\/mdc1060.brussels\\\/nl\\\/#organization\"},\"potentialAction\":[{\"@type\":\"SearchAction\",\"target\":{\"@type\":\"EntryPoint\",\"urlTemplate\":\"https:\\\/\\\/mdc1060.brussels\\\/nl\\\/?s={search_term_string}\"},\"query-input\":{\"@type\":\"PropertyValueSpecification\",\"valueRequired\":true,\"valueName\":\"search_term_string\"}}],\"inLanguage\":\"nl-NL\"},{\"@type\":\"Organization\",\"@id\":\"https:\\\/\\\/mdc1060.brussels\\\/nl\\\/#organization\",\"name\":\"La Maison des Cultures de Saint-Gilles\",\"url\":\"https:\\\/\\\/mdc1060.brussels\\\/nl\\\/\",\"logo\":{\"@type\":\"ImageObject\",\"inLanguage\":\"nl-NL\",\"@id\":\"https:\\\/\\\/mdc1060.brussels\\\/nl\\\/#\\\/schema\\\/logo\\\/image\\\/\",\"url\":\"https:\\\/\\\/mdc1060.brussels\\\/wp-content\\\/uploads\\\/2026\\\/05\\\/logo-mdc-st-gilles.svg\",\"contentUrl\":\"https:\\\/\\\/mdc1060.brussels\\\/wp-content\\\/uploads\\\/2026\\\/05\\\/logo-mdc-st-gilles.svg\",\"width\":50,\"height\":33,\"caption\":\"La Maison des Cultures de Saint-Gilles\"},\"image\":{\"@id\":\"https:\\\/\\\/mdc1060.brussels\\\/nl\\\/#\\\/schema\\\/logo\\\/image\\\/\"}}]}<\/script>\n<!-- \/ Yoast SEO plugin. -->","yoast_head_json":{"title":"Stages artistiques \u00e0 Saint-Gilles | Maison des Cultures","description":"D\u00e9couvrez les stages artistiques de la Maison des Cultures de Saint-Gilles : danse, th\u00e9\u00e2tre, cr\u00e9ation et activit\u00e9s culturelles pendant les vacances.","robots":{"index":"index","follow":"follow","max-snippet":"max-snippet:-1","max-image-preview":"max-image-preview:large","max-video-preview":"max-video-preview:-1"},"canonical":"https:\/\/mdc1060.brussels\/nl\/nieuws\/categorie\/stages\/","og_locale":"nl_NL","og_type":"article","og_title":"Stages artistiques \u00e0 Saint-Gilles | Maison des Cultures","og_description":"D\u00e9couvrez les stages artistiques de la Maison des Cultures de Saint-Gilles : danse, th\u00e9\u00e2tre, cr\u00e9ation et activit\u00e9s culturelles pendant les vacances.","og_url":"https:\/\/mdc1060.brussels\/nl\/nieuws\/categorie\/stages\/","og_site_name":"La Maison des Cultures de Saint-Gilles","twitter_card":"summary_large_image","schema":{"@context":"https:\/\/schema.org","@graph":[{"@type":"CollectionPage","@id":"https:\/\/mdc1060.brussels\/nl\/nieuws\/categorie\/stages\/","url":"https:\/\/mdc1060.brussels\/nl\/nieuws\/categorie\/stages\/","name":"Stages artistiques \u00e0 Saint-Gilles | Maison des Cultures","isPartOf":{"@id":"https:\/\/mdc1060.brussels\/nl\/#website"},"description":"D\u00e9couvrez les stages artistiques de la Maison des Cultures de Saint-Gilles : danse, th\u00e9\u00e2tre, cr\u00e9ation et activit\u00e9s culturelles pendant les vacances.","breadcrumb":{"@id":"https:\/\/mdc1060.brussels\/nl\/nieuws\/categorie\/stages\/#breadcrumb"},"inLanguage":"nl-NL"},{"@type":"BreadcrumbList","@id":"https:\/\/mdc1060.brussels\/nl\/nieuws\/categorie\/stages\/#breadcrumb","itemListElement":[{"@type":"ListItem","position":1,"name":"Accueil","item":"https:\/\/mdc1060.brussels\/nl\/"},{"@type":"ListItem","position":2,"name":"Stages"}]},{"@type":"WebSite","@id":"https:\/\/mdc1060.brussels\/nl\/#website","url":"https:\/\/mdc1060.brussels\/nl\/","name":"La Maison des Cultures de Saint-Gilles","description":"Un lieu vivant d\u00e9di\u00e9 \u00e0 l\u2019art, aux rencontres et aux pratiques culturelles.","publisher":{"@id":"https:\/\/mdc1060.brussels\/nl\/#organization"},"potentialAction":[{"@type":"SearchAction","target":{"@type":"EntryPoint","urlTemplate":"https:\/\/mdc1060.brussels\/nl\/?s={search_term_string}"},"query-input":{"@type":"PropertyValueSpecification","valueRequired":true,"valueName":"search_term_string"}}],"inLanguage":"nl-NL"},{"@type":"Organization","@id":"https:\/\/mdc1060.brussels\/nl\/#organization","name":"La Maison des Cultures de Saint-Gilles","url":"https:\/\/mdc1060.brussels\/nl\/","logo":{"@type":"ImageObject","inLanguage":"nl-NL","@id":"https:\/\/mdc1060.brussels\/nl\/#\/schema\/logo\/image\/","url":"https:\/\/mdc1060.brussels\/wp-content\/uploads\/2026\/05\/logo-mdc-st-gilles.svg","contentUrl":"https:\/\/mdc1060.brussels\/wp-content\/uploads\/2026\/05\/logo-mdc-st-gilles.svg","width":50,"height":33,"caption":"La Maison des Cultures de Saint-Gilles"},"image":{"@id":"https:\/\/mdc1060.brussels\/nl\/#\/schema\/logo\/image\/"}}]}},"_links":{"self":[{"href":"https:\/\/mdc1060.brussels\/nl\/wp-json\/wp\/v2\/categories\/92","targetHints":{"allow":["GET"]}}],"collection":[{"href":"https:\/\/mdc1060.brussels\/nl\/wp-json\/wp\/v2\/categories"}],"about":[{"href":"https:\/\/mdc1060.brussels\/nl\/wp-json\/wp\/v2\/taxonomies\/category"}],"wp:post_type":[{"href":"https:\/\/mdc1060.brussels\/nl\/wp-json\/wp\/v2\/posts?categories=92"}],"curies":[{"name":"wp","href":"https:\/\/api.w.org\/{rel}","templated":true}]}}