{"id":11632,"date":"2021-03-09T12:28:30","date_gmt":"2021-03-09T11:28:30","guid":{"rendered":"http:\/\/mdc1060.brussels\/?p=11632"},"modified":"2021-03-31T13:47:13","modified_gmt":"2021-03-31T11:47:13","slug":"mutik-residence","status":"publish","type":"post","link":"https:\/\/mdc1060.brussels\/nl\/mutik-residence\/","title":{"rendered":"Mutik [R\u00e9sidence]"},"content":{"rendered":"\n<h4 class=\"wp-block-heading\"><strong>En avril 2021, la cr\u00e9ation collective \u00ab&nbsp;Mutik&nbsp;\u00bb sera travaill\u00e9e \u00e0 la Maison des Cultures. Ce projet jeune public m\u00eale diff\u00e9rentes formes de langage, d\u2019expression et de th\u00e9\u00e2tre.<\/strong><\/h4>\n\n\n\n<p><strong>R\u00e9sum\u00e9 <\/strong><br>Au Br\u00e9sil, il existe une plante singuli\u00e8re, <em>la Mimosa pudica<\/em>. Elle est aussi appel\u00e9e aussi \u00ab\u00a0plante sensible\u00a0\u00bb car au moindre contact d\u2019une goutte de pluie ou effleurement de doigt, ses feuilles se replient vers la tige. Une fois le calme revenu, celles-ci se red\u00e9ploient peu \u00e0 peu.<\/p>\n\n\n\n<p>Trois personnages sont plant\u00e9s sur le plateau. Ils se scrutent, se cachent, se d\u00e9robent. Silences et inconfort de la situation <em>(Pourquoi il me regarde ? Qu\u2019est-ce qu\u2019il me veut, celui-l\u00e0 ?&nbsp;<\/em>)<\/p>\n\n\n\n<p>Mutik raconte comment l\u2019humain peut\n\u00eatre tent\u00e9 de se replier sur lui-m\u00eame lorsqu\u2019il est au contact des autres, un\npeu comme la Mimosa pudica. Certains, adultes comme enfants, d\u00e9bordent\nd\u2019imagination pour se cacher du regard et ne pas avoir \u00e0 entrer en contact. <\/p>\n\n\n\n<p>Le spectacle raconte aussi que\nderri\u00e8re la timidit\u00e9 se trouve un monde singulier et riche, comportant d\u2019autres\nmani\u00e8res de communiquer. Quand on la d\u00e9passe, elle r\u00e9v\u00e8le des personnalit\u00e9s\nuniques.<\/p>\n\n\n\n<p>Mutik propose de se connecter aux\n\u00e9motions et aux sensations par l\u2019entrem\u00ealement de la lumi\u00e8re, des images, de la\nmusique et de diff\u00e9rentes formes de th\u00e9\u00e2tre (corporel, d\u2019objet, de masque&#8230;).<\/p>\n\n\n\n<div class=\"wp-block-image\"><figure class=\"aligncenter size-large is-resized\"><img fetchpriority=\"high\" decoding=\"async\" src=\"http:\/\/mdc1060.brussels\/wp-content\/uploads\/2021\/03\/IMG_1072-rogn\u00e9.jpg\" alt=\"\" class=\"wp-image-11681\" width=\"580\" height=\"621\" srcset=\"https:\/\/mdc1060.brussels\/wp-content\/uploads\/2021\/03\/IMG_1072-rogn\u00e9.jpg 712w, https:\/\/mdc1060.brussels\/wp-content\/uploads\/2021\/03\/IMG_1072-rogn\u00e9-280x300.jpg 280w, https:\/\/mdc1060.brussels\/wp-content\/uploads\/2021\/03\/IMG_1072-rogn\u00e9-467x500.jpg 467w\" sizes=\"(max-width: 580px) 100vw, 580px\" \/><figcaption>   \u00a9  Centre Culturel Bruegel  <\/figcaption><\/figure><\/div>\n\n\n\n<p><strong>Distribution<\/strong><br>Mise en sc\u00e8ne&nbsp;: Ahmed Ayed <br>Interpr\u00e9tation : Ahmed Ayed et Josselin Moinet<br>Lumi\u00e8res \/ R\u00e9gie g\u00e9n\u00e9rale&nbsp;: Beno\u00eet Lavalard<\/p>\n\n\n\n<p><strong>Coproduction <\/strong><br><a href=\"https:\/\/www.pierredelune.be\/\">Pierre De Lune<\/a><\/p>\n\n\n\n<p><strong>Avec le soutien<br><\/strong><em>Du <a href=\"https:\/\/lamontagnemagique.be\/\">Th\u00e9\u00e2tre de la montagne magique<\/a>, de <a href=\"http:\/\/www.casquette.be\/\">la compagnie la Casquette<\/a>, du <a href=\"https:\/\/www.ccbw.be\/\">Centre culturel du Brabant wallon<\/a>&nbsp;et de la <a href=\"http:\/\/mdc1060.brussels\/\">Maison des Cultures de Saint-Gilles<\/a><\/em><\/p>\n\n\n\n<hr class=\"wp-block-separator\"\/>\n\n\n\n<p><\/p>\n\n\n\n<p><br> <br> <\/p>\n","protected":false},"excerpt":{"rendered":"<p>En avril 2021, la cr\u00e9ation collective \u00ab&nbsp;Mutik&nbsp;\u00bb sera travaill\u00e9e \u00e0 la Maison des Cultures. Ce projet jeune public m\u00eale diff\u00e9rentes formes de langage, d\u2019expression et de th\u00e9\u00e2tre. R\u00e9sum\u00e9 Au Br\u00e9sil, il existe une plante singuli\u00e8re, la Mimosa pudica. Elle est aussi appel\u00e9e aussi \u00ab\u00a0plante sensible\u00a0\u00bb car au moindre contact d\u2019une [&hellip;]<\/p>\n","protected":false},"author":5,"featured_media":11677,"comment_status":"closed","ping_status":"closed","sticky":false,"template":"","format":"standard","meta":{"_vp_format_video_url":"","_vp_image_focal_point":[],"footnotes":""},"categories":[34],"tags":[],"class_list":["post-11632","post","type-post","status-publish","format-standard","has-post-thumbnail","hentry","category-focus"],"yoast_head":"<!-- This site is optimized with the Yoast SEO plugin v26.3 - https:\/\/yoast.com\/wordpress\/plugins\/seo\/ -->\n<title>Mutik [R\u00e9sidence] - Maison des Cultures de Saint-Gilles<\/title>\n<meta name=\"robots\" content=\"index, follow, max-snippet:-1, max-image-preview:large, max-video-preview:-1\" \/>\n<link rel=\"canonical\" href=\"https:\/\/mdc1060.brussels\/nl\/mutik-residence\/\" \/>\n<meta property=\"og:locale\" content=\"nl_NL\" \/>\n<meta property=\"og:type\" content=\"article\" \/>\n<meta property=\"og:title\" content=\"Mutik [R\u00e9sidence] - Maison des Cultures de Saint-Gilles\" \/>\n<meta property=\"og:description\" content=\"En avril 2021, la cr\u00e9ation collective \u00ab&nbsp;Mutik&nbsp;\u00bb sera travaill\u00e9e \u00e0 la Maison des Cultures. Ce projet jeune public m\u00eale diff\u00e9rentes formes de langage, d\u2019expression et de th\u00e9\u00e2tre. R\u00e9sum\u00e9 Au Br\u00e9sil, il existe une plante singuli\u00e8re, la Mimosa pudica. Elle est aussi appel\u00e9e aussi \u00ab\u00a0plante sensible\u00a0\u00bb car au moindre contact d\u2019une [&hellip;]\" \/>\n<meta property=\"og:url\" content=\"https:\/\/mdc1060.brussels\/nl\/mutik-residence\/\" \/>\n<meta property=\"og:site_name\" content=\"Maison des Cultures de Saint-Gilles\" \/>\n<meta property=\"article:publisher\" content=\"https:\/\/www.facebook.com\/Maisondesculturesdesaintgilles\" \/>\n<meta property=\"article:published_time\" content=\"2021-03-09T11:28:30+00:00\" \/>\n<meta property=\"article:modified_time\" content=\"2021-03-31T11:47:13+00:00\" \/>\n<meta property=\"og:image\" content=\"https:\/\/mdc1060.brussels\/wp-content\/uploads\/2021\/02\/mutik_visuel.jpg\" \/>\n\t<meta property=\"og:image:width\" content=\"1029\" \/>\n\t<meta property=\"og:image:height\" content=\"1024\" \/>\n\t<meta property=\"og:image:type\" content=\"image\/jpeg\" \/>\n<meta name=\"author\" content=\"lamaisondescultures_stgilles_edit\" \/>\n<meta name=\"twitter:card\" content=\"summary_large_image\" \/>\n<meta name=\"twitter:label1\" content=\"Geschreven door\" \/>\n\t<meta name=\"twitter:data1\" content=\"lamaisondescultures_stgilles_edit\" \/>\n\t<meta name=\"twitter:label2\" content=\"Geschatte leestijd\" \/>\n\t<meta name=\"twitter:data2\" content=\"1 minuut\" \/>\n<script type=\"application\/ld+json\" class=\"yoast-schema-graph\">{\"@context\":\"https:\/\/schema.org\",\"@graph\":[{\"@type\":\"WebPage\",\"@id\":\"https:\/\/mdc1060.brussels\/nl\/mutik-residence\/\",\"url\":\"https:\/\/mdc1060.brussels\/nl\/mutik-residence\/\",\"name\":\"Mutik [R\u00e9sidence] - Maison des Cultures de Saint-Gilles\",\"isPartOf\":{\"@id\":\"https:\/\/mdc1060.brussels\/nl\/#website\"},\"primaryImageOfPage\":{\"@id\":\"https:\/\/mdc1060.brussels\/nl\/mutik-residence\/#primaryimage\"},\"image\":{\"@id\":\"https:\/\/mdc1060.brussels\/nl\/mutik-residence\/#primaryimage\"},\"thumbnailUrl\":\"https:\/\/mdc1060.brussels\/wp-content\/uploads\/2021\/02\/mutik_visuel.jpg\",\"datePublished\":\"2021-03-09T11:28:30+00:00\",\"dateModified\":\"2021-03-31T11:47:13+00:00\",\"author\":{\"@id\":\"https:\/\/mdc1060.brussels\/nl\/#\/schema\/person\/a722db52f619378e263a1cfb8a084d8c\"},\"breadcrumb\":{\"@id\":\"https:\/\/mdc1060.brussels\/nl\/mutik-residence\/#breadcrumb\"},\"inLanguage\":\"nl-NL\",\"potentialAction\":[{\"@type\":\"ReadAction\",\"target\":[\"https:\/\/mdc1060.brussels\/nl\/mutik-residence\/\"]}]},{\"@type\":\"ImageObject\",\"inLanguage\":\"nl-NL\",\"@id\":\"https:\/\/mdc1060.brussels\/nl\/mutik-residence\/#primaryimage\",\"url\":\"https:\/\/mdc1060.brussels\/wp-content\/uploads\/2021\/02\/mutik_visuel.jpg\",\"contentUrl\":\"https:\/\/mdc1060.brussels\/wp-content\/uploads\/2021\/02\/mutik_visuel.jpg\",\"width\":1029,\"height\":1024},{\"@type\":\"BreadcrumbList\",\"@id\":\"https:\/\/mdc1060.brussels\/nl\/mutik-residence\/#breadcrumb\",\"itemListElement\":[{\"@type\":\"ListItem\",\"position\":1,\"name\":\"Accueil\",\"item\":\"https:\/\/mdc1060.brussels\/nl\/\"},{\"@type\":\"ListItem\",\"position\":2,\"name\":\"Mutik [R\u00e9sidence]\"}]},{\"@type\":\"WebSite\",\"@id\":\"https:\/\/mdc1060.brussels\/nl\/#website\",\"url\":\"https:\/\/mdc1060.brussels\/nl\/\",\"name\":\"Maison des Cultures de Saint-Gilles\",\"description\":\"Concerts, th\u00e9\u00e2tre, danse, cirque, r\u00e9sidences, expos, ateliers, stages...\",\"potentialAction\":[{\"@type\":\"SearchAction\",\"target\":{\"@type\":\"EntryPoint\",\"urlTemplate\":\"https:\/\/mdc1060.brussels\/nl\/?s={search_term_string}\"},\"query-input\":{\"@type\":\"PropertyValueSpecification\",\"valueRequired\":true,\"valueName\":\"search_term_string\"}}],\"inLanguage\":\"nl-NL\"},{\"@type\":\"Person\",\"@id\":\"https:\/\/mdc1060.brussels\/nl\/#\/schema\/person\/a722db52f619378e263a1cfb8a084d8c\",\"name\":\"lamaisondescultures_stgilles_edit\",\"url\":\"https:\/\/mdc1060.brussels\/nl\/author\/lamaisondescultures_stgilles_edit\/\"}]}<\/script>\n<!-- \/ Yoast SEO plugin. -->","yoast_head_json":{"title":"Mutik [R\u00e9sidence] - Maison des Cultures de Saint-Gilles","robots":{"index":"index","follow":"follow","max-snippet":"max-snippet:-1","max-image-preview":"max-image-preview:large","max-video-preview":"max-video-preview:-1"},"canonical":"https:\/\/mdc1060.brussels\/nl\/mutik-residence\/","og_locale":"nl_NL","og_type":"article","og_title":"Mutik [R\u00e9sidence] - Maison des Cultures de Saint-Gilles","og_description":"En avril 2021, la cr\u00e9ation collective \u00ab&nbsp;Mutik&nbsp;\u00bb sera travaill\u00e9e \u00e0 la Maison des Cultures. Ce projet jeune public m\u00eale diff\u00e9rentes formes de langage, d\u2019expression et de th\u00e9\u00e2tre. R\u00e9sum\u00e9 Au Br\u00e9sil, il existe une plante singuli\u00e8re, la Mimosa pudica. Elle est aussi appel\u00e9e aussi \u00ab\u00a0plante sensible\u00a0\u00bb car au moindre contact d\u2019une [&hellip;]","og_url":"https:\/\/mdc1060.brussels\/nl\/mutik-residence\/","og_site_name":"Maison des Cultures de Saint-Gilles","article_publisher":"https:\/\/www.facebook.com\/Maisondesculturesdesaintgilles","article_published_time":"2021-03-09T11:28:30+00:00","article_modified_time":"2021-03-31T11:47:13+00:00","og_image":[{"width":1029,"height":1024,"url":"https:\/\/mdc1060.brussels\/wp-content\/uploads\/2021\/02\/mutik_visuel.jpg","type":"image\/jpeg"}],"author":"lamaisondescultures_stgilles_edit","twitter_card":"summary_large_image","twitter_misc":{"Geschreven door":"lamaisondescultures_stgilles_edit","Geschatte leestijd":"1 minuut"},"schema":{"@context":"https:\/\/schema.org","@graph":[{"@type":"WebPage","@id":"https:\/\/mdc1060.brussels\/nl\/mutik-residence\/","url":"https:\/\/mdc1060.brussels\/nl\/mutik-residence\/","name":"Mutik [R\u00e9sidence] - Maison des Cultures de Saint-Gilles","isPartOf":{"@id":"https:\/\/mdc1060.brussels\/nl\/#website"},"primaryImageOfPage":{"@id":"https:\/\/mdc1060.brussels\/nl\/mutik-residence\/#primaryimage"},"image":{"@id":"https:\/\/mdc1060.brussels\/nl\/mutik-residence\/#primaryimage"},"thumbnailUrl":"https:\/\/mdc1060.brussels\/wp-content\/uploads\/2021\/02\/mutik_visuel.jpg","datePublished":"2021-03-09T11:28:30+00:00","dateModified":"2021-03-31T11:47:13+00:00","author":{"@id":"https:\/\/mdc1060.brussels\/nl\/#\/schema\/person\/a722db52f619378e263a1cfb8a084d8c"},"breadcrumb":{"@id":"https:\/\/mdc1060.brussels\/nl\/mutik-residence\/#breadcrumb"},"inLanguage":"nl-NL","potentialAction":[{"@type":"ReadAction","target":["https:\/\/mdc1060.brussels\/nl\/mutik-residence\/"]}]},{"@type":"ImageObject","inLanguage":"nl-NL","@id":"https:\/\/mdc1060.brussels\/nl\/mutik-residence\/#primaryimage","url":"https:\/\/mdc1060.brussels\/wp-content\/uploads\/2021\/02\/mutik_visuel.jpg","contentUrl":"https:\/\/mdc1060.brussels\/wp-content\/uploads\/2021\/02\/mutik_visuel.jpg","width":1029,"height":1024},{"@type":"BreadcrumbList","@id":"https:\/\/mdc1060.brussels\/nl\/mutik-residence\/#breadcrumb","itemListElement":[{"@type":"ListItem","position":1,"name":"Accueil","item":"https:\/\/mdc1060.brussels\/nl\/"},{"@type":"ListItem","position":2,"name":"Mutik [R\u00e9sidence]"}]},{"@type":"WebSite","@id":"https:\/\/mdc1060.brussels\/nl\/#website","url":"https:\/\/mdc1060.brussels\/nl\/","name":"Maison des Cultures de Saint-Gilles","description":"Concerts, th\u00e9\u00e2tre, danse, cirque, r\u00e9sidences, expos, ateliers, stages...","potentialAction":[{"@type":"SearchAction","target":{"@type":"EntryPoint","urlTemplate":"https:\/\/mdc1060.brussels\/nl\/?s={search_term_string}"},"query-input":{"@type":"PropertyValueSpecification","valueRequired":true,"valueName":"search_term_string"}}],"inLanguage":"nl-NL"},{"@type":"Person","@id":"https:\/\/mdc1060.brussels\/nl\/#\/schema\/person\/a722db52f619378e263a1cfb8a084d8c","name":"lamaisondescultures_stgilles_edit","url":"https:\/\/mdc1060.brussels\/nl\/author\/lamaisondescultures_stgilles_edit\/"}]}},"_links":{"self":[{"href":"https:\/\/mdc1060.brussels\/nl\/wp-json\/wp\/v2\/posts\/11632","targetHints":{"allow":["GET"]}}],"collection":[{"href":"https:\/\/mdc1060.brussels\/nl\/wp-json\/wp\/v2\/posts"}],"about":[{"href":"https:\/\/mdc1060.brussels\/nl\/wp-json\/wp\/v2\/types\/post"}],"author":[{"embeddable":true,"href":"https:\/\/mdc1060.brussels\/nl\/wp-json\/wp\/v2\/users\/5"}],"replies":[{"embeddable":true,"href":"https:\/\/mdc1060.brussels\/nl\/wp-json\/wp\/v2\/comments?post=11632"}],"version-history":[{"count":8,"href":"https:\/\/mdc1060.brussels\/nl\/wp-json\/wp\/v2\/posts\/11632\/revisions"}],"predecessor-version":[{"id":11753,"href":"https:\/\/mdc1060.brussels\/nl\/wp-json\/wp\/v2\/posts\/11632\/revisions\/11753"}],"wp:featuredmedia":[{"embeddable":true,"href":"https:\/\/mdc1060.brussels\/nl\/wp-json\/wp\/v2\/media\/11677"}],"wp:attachment":[{"href":"https:\/\/mdc1060.brussels\/nl\/wp-json\/wp\/v2\/media?parent=11632"}],"wp:term":[{"taxonomy":"category","embeddable":true,"href":"https:\/\/mdc1060.brussels\/nl\/wp-json\/wp\/v2\/categories?post=11632"},{"taxonomy":"post_tag","embeddable":true,"href":"https:\/\/mdc1060.brussels\/nl\/wp-json\/wp\/v2\/tags?post=11632"}],"curies":[{"name":"wp","href":"https:\/\/api.w.org\/{rel}","templated":true}]}}